{"id":7396,"date":"2023-02-15T07:12:54","date_gmt":"2023-02-15T07:12:54","guid":{"rendered":"https:\/\/dev2.perriermathis.fr\/?p=7396"},"modified":"2023-04-12T19:00:23","modified_gmt":"2023-04-12T19:00:23","slug":"le-conditionnel-present","status":"publish","type":"post","link":"https:\/\/frenchalacarte.fr\/en\/2023\/02\/15\/le-conditionnel-present\/","title":{"rendered":"Le conditionnel pr\u00e9sent"},"content":{"rendered":"<p class=\"has-text-align-left\">Le verbe au conditionnel pose une condition \u00e0 la r\u00e9alisation d\u2019une action ou d\u2019un \u00e9v\u00e9nement. Le mode conditionnel  conna\u00eet trois temps: le pr\u00e9sent, le pass\u00e9 premi\u00e8re forme et le pass\u00e9 deuxi\u00e8me forme. Ce dernier, formellement identique au subjonctif plus-que-parfait, n&rsquo;est plus gu\u00e8re utilis\u00e9.<\/p>\n\n\n\n<figure class=\"wp-block-image size-large\"><a href=\"https:\/\/frenchalacarte.fr\/wp-content\/uploads\/2023\/02\/Conditionnel-present-1536x875-1-1.png\"><img loading=\"lazy\" decoding=\"async\" width=\"1024\" height=\"583\" src=\"https:\/\/frenchalacarte.fr\/wp-content\/uploads\/2023\/02\/Conditionnel-present-1536x875-1-1-1024x583.png\" alt=\"\" class=\"wp-image-7510\" srcset=\"https:\/\/frenchalacarte.fr\/wp-content\/uploads\/2023\/02\/Conditionnel-present-1536x875-1-1-1024x583.png 1024w, https:\/\/frenchalacarte.fr\/wp-content\/uploads\/2023\/02\/Conditionnel-present-1536x875-1-1-300x171.png 300w, https:\/\/frenchalacarte.fr\/wp-content\/uploads\/2023\/02\/Conditionnel-present-1536x875-1-1-768x438.png 768w, https:\/\/frenchalacarte.fr\/wp-content\/uploads\/2023\/02\/Conditionnel-present-1536x875-1-1-18x10.png 18w, https:\/\/frenchalacarte.fr\/wp-content\/uploads\/2023\/02\/Conditionnel-present-1536x875-1-1.png 1536w\" sizes=\"auto, (max-width: 1024px) 100vw, 1024px\" \/><\/a><\/figure>\n\n\n\n<!--more-->\n\n\n\n<p class=\"blockart-paragraph blockart-paragraph-99a55216\">Cliquez sur l&rsquo;image pour l&rsquo;agrandir.<\/p>\n\n\n\n<p><strong>Pour la curiosit\u00e9: le conditionnel pass\u00e9 deuxi\u00e8me forme<\/strong><\/p>\n\n\n\n<p>Il \u00e9tait utilis\u00e9 dans le cadre de la&nbsp; concordance des temps pour exprimer l\u2019ant\u00e9riorit\u00e9 par rapport \u00e0 un verbe au pass\u00e9, assortie d\u2019une notion d\u2019incertitude ou d\u2019irr\u00e9el, comme une \u00e9ventualit\u00e9 dans le pass\u00e9.&nbsp;<\/p>\n\n\n\n<p>Ainsi on trouve chez Alexandre Dumas (XIX\u00e8me si\u00e8cle), dans <a href=\"https:\/\/www.bibebook.com\/bib\/le-collier-de-la-reine\"><em>Le Collier de la Reine<\/em><\/a>:<\/p>\n\n\n\n<p>\u00ab\u00a0&#8211; Monseigneur, r\u00e9pondit Cagliostro, j&rsquo;ai pr\u00eat\u00e9 cinq cent mille livres \u00e0 monsieur de Rohan. Monsieur de Rohan me doit cinq cent mille livres, et pas autre chose. Si <strong>j&rsquo;eusse d\u00e9sir\u00e9<\/strong> toucher des int\u00e9r\u00eats, je les <strong>eusse stipul\u00e9s <\/strong>dans le re\u00e7u\u2026\u00a0\u00bb<\/p>\n\n\n\n<p>Les faits de \u201cd\u00e9sirer\u201d et de \u201cstipuler\u201d auraient \u00e9t\u00e9 ant\u00e9rieurs dans le temps \u00e0 l\u2019action de \u201cpr\u00eater\u201d, qui elle-m\u00eame se trouve dans le pass\u00e9 par rapport au moment de l\u2019\u00e9nonciation (discours rapport\u00e9). De plus ces faits sont irr\u00e9els, puisque le locuteur n\u2019a pas \u201cd\u00e9sirer\u201d ni \u201cstipuler\u201d les int\u00e9r\u00eats.<\/p>","protected":false},"excerpt":{"rendered":"<p>Le verbe au conditionnel pose une condition \u00e0 la r\u00e9alisation d\u2019une action ou d\u2019un \u00e9v\u00e9nement. Le mode conditionnel conna\u00eet trois temps: le pr\u00e9sent, le pass\u00e9 premi\u00e8re forme et le pass\u00e9 deuxi\u00e8me forme. Ce dernier, formellement identique au subjonctif plus-que-parfait, n&rsquo;est plus gu\u00e8re utilis\u00e9.<\/p>","protected":false},"author":1,"featured_media":0,"comment_status":"closed","ping_status":"closed","sticky":false,"template":"","format":"standard","meta":{"footnotes":""},"categories":[122,131],"tags":[132],"class_list":["post-7396","post","type-post","status-publish","format-standard","hentry","category-articles-en-francais","category-carte-mentale-mind-map","tag-conditionnel"],"_links":{"self":[{"href":"https:\/\/frenchalacarte.fr\/en\/wp-json\/wp\/v2\/posts\/7396","targetHints":{"allow":["GET"]}}],"collection":[{"href":"https:\/\/frenchalacarte.fr\/en\/wp-json\/wp\/v2\/posts"}],"about":[{"href":"https:\/\/frenchalacarte.fr\/en\/wp-json\/wp\/v2\/types\/post"}],"author":[{"embeddable":true,"href":"https:\/\/frenchalacarte.fr\/en\/wp-json\/wp\/v2\/users\/1"}],"replies":[{"embeddable":true,"href":"https:\/\/frenchalacarte.fr\/en\/wp-json\/wp\/v2\/comments?post=7396"}],"version-history":[{"count":36,"href":"https:\/\/frenchalacarte.fr\/en\/wp-json\/wp\/v2\/posts\/7396\/revisions"}],"predecessor-version":[{"id":7687,"href":"https:\/\/frenchalacarte.fr\/en\/wp-json\/wp\/v2\/posts\/7396\/revisions\/7687"}],"wp:attachment":[{"href":"https:\/\/frenchalacarte.fr\/en\/wp-json\/wp\/v2\/media?parent=7396"}],"wp:term":[{"taxonomy":"category","embeddable":true,"href":"https:\/\/frenchalacarte.fr\/en\/wp-json\/wp\/v2\/categories?post=7396"},{"taxonomy":"post_tag","embeddable":true,"href":"https:\/\/frenchalacarte.fr\/en\/wp-json\/wp\/v2\/tags?post=7396"}],"curies":[{"name":"wp","href":"https:\/\/api.w.org\/{rel}","templated":true}]}}