{"id":7825,"date":"2023-06-02T04:50:47","date_gmt":"2023-06-02T04:50:47","guid":{"rendered":"https:\/\/frenchalacarte.fr\/?p=7825"},"modified":"2023-05-24T05:17:53","modified_gmt":"2023-05-24T05:17:53","slug":"les-mots-des-fetes-des-meres-et-des-peres","status":"publish","type":"post","link":"https:\/\/frenchalacarte.fr\/en\/2023\/06\/02\/les-mots-des-fetes-des-meres-et-des-peres\/","title":{"rendered":"Les mots des f\u00eates des m\u00e8res et des p\u00e8res"},"content":{"rendered":"<figure class=\"wp-block-image size-full is-resized\"><img loading=\"lazy\" decoding=\"async\" src=\"https:\/\/frenchalacarte.fr\/wp-content\/uploads\/2023\/04\/HotMeiNi-autocollant-drapeau-anglais-en-vinyle-bande-de-voiture-13cm-x-1-7cm-4-pi-ces.jpg_Q90.jpg_-copie.png\" alt=\"\" class=\"wp-image-7759\" width=\"838\" height=\"82\" srcset=\"https:\/\/frenchalacarte.fr\/wp-content\/uploads\/2023\/04\/HotMeiNi-autocollant-drapeau-anglais-en-vinyle-bande-de-voiture-13cm-x-1-7cm-4-pi-ces.jpg_Q90.jpg_-copie.png 702w, https:\/\/frenchalacarte.fr\/wp-content\/uploads\/2023\/04\/HotMeiNi-autocollant-drapeau-anglais-en-vinyle-bande-de-voiture-13cm-x-1-7cm-4-pi-ces.jpg_Q90.jpg_-copie-300x29.png 300w, https:\/\/frenchalacarte.fr\/wp-content\/uploads\/2023\/04\/HotMeiNi-autocollant-drapeau-anglais-en-vinyle-bande-de-voiture-13cm-x-1-7cm-4-pi-ces.jpg_Q90.jpg_-copie-18x2.png 18w\" sizes=\"auto, (max-width: 838px) 100vw, 838px\" \/><\/figure>\n\n\n\n<figure class=\"wp-block-embed is-type-wp-embed is-provider-learningapps-org wp-block-embed-learningapps-org\"><div class=\"wp-block-embed__wrapper\">\n<iframe loading=\"lazy\" class=\"wp-embedded-content\" sandbox=\"allow-scripts\" security=\"restricted\" title=\"Les mots de la f\u00eate des m\u00e8res et de la f\u00eate des p\u00e8res (public anglais)\" src=\"https:\/\/LearningApps.org\/watch?id=px8d2qhe523#?secret=W5hbIH17Mq\" data-secret=\"W5hbIH17Mq\" frameborder=\"0\" width=\"950\" height=\"500\"><\/iframe>\n<\/div><\/figure>\n\n\n\n<!--more-->\n\n\n\n<div style=\"height:58px\" aria-hidden=\"true\" class=\"wp-block-spacer\"><\/div>\n\n\n\n<div class=\"blockart-image blockart-image-dbb4040a\"><img loading=\"lazy\" decoding=\"async\" class=\"wp-image-7763\" src=\"https:\/\/frenchalacarte.fr\/wp-content\/uploads\/2023\/04\/2741124-noeud-et-ruban-aux-couleurs-du-drapeau-allemand-vectoriel.jpg\" alt=\"\" height=\"168\" width=\"1804\" srcset=\"https:\/\/frenchalacarte.fr\/wp-content\/uploads\/2023\/04\/2741124-noeud-et-ruban-aux-couleurs-du-drapeau-allemand-vectoriel.jpg 1804w, https:\/\/frenchalacarte.fr\/wp-content\/uploads\/2023\/04\/2741124-noeud-et-ruban-aux-couleurs-du-drapeau-allemand-vectoriel-300x28.jpg 300w, https:\/\/frenchalacarte.fr\/wp-content\/uploads\/2023\/04\/2741124-noeud-et-ruban-aux-couleurs-du-drapeau-allemand-vectoriel-1024x95.jpg 1024w, https:\/\/frenchalacarte.fr\/wp-content\/uploads\/2023\/04\/2741124-noeud-et-ruban-aux-couleurs-du-drapeau-allemand-vectoriel-768x72.jpg 768w, https:\/\/frenchalacarte.fr\/wp-content\/uploads\/2023\/04\/2741124-noeud-et-ruban-aux-couleurs-du-drapeau-allemand-vectoriel-1536x143.jpg 1536w, https:\/\/frenchalacarte.fr\/wp-content\/uploads\/2023\/04\/2741124-noeud-et-ruban-aux-couleurs-du-drapeau-allemand-vectoriel-18x2.jpg 18w\" sizes=\"auto, (max-width: 1804px) 100vw, 1804px\" \/><\/div>\n\n\n\n<figure class=\"wp-block-embed is-type-wp-embed is-provider-learningapps-org wp-block-embed-learningapps-org\"><div class=\"wp-block-embed__wrapper\">\n<iframe loading=\"lazy\" class=\"wp-embedded-content\" sandbox=\"allow-scripts\" security=\"restricted\" title=\"Les mots de la f\u00eate des m\u00e8res et de la f\u00eate des p\u00e8res (public allemand)\" src=\"https:\/\/LearningApps.org\/watch?id=pobtyk9ka23#?secret=ZF17uxhIcI\" data-secret=\"ZF17uxhIcI\" frameborder=\"0\" width=\"950\" height=\"500\"><\/iframe>\n<\/div><\/figure>","protected":false},"excerpt":{"rendered":"","protected":false},"author":1,"featured_media":0,"comment_status":"closed","ping_status":"closed","sticky":false,"template":"","format":"standard","meta":{"footnotes":""},"categories":[28,142],"tags":[129,68],"class_list":["post-7825","post","type-post","status-publish","format-standard","hentry","category-lets-celebrate","category-paires-pairs","tag-fete-des-meres","tag-mothers-day"],"_links":{"self":[{"href":"https:\/\/frenchalacarte.fr\/en\/wp-json\/wp\/v2\/posts\/7825","targetHints":{"allow":["GET"]}}],"collection":[{"href":"https:\/\/frenchalacarte.fr\/en\/wp-json\/wp\/v2\/posts"}],"about":[{"href":"https:\/\/frenchalacarte.fr\/en\/wp-json\/wp\/v2\/types\/post"}],"author":[{"embeddable":true,"href":"https:\/\/frenchalacarte.fr\/en\/wp-json\/wp\/v2\/users\/1"}],"replies":[{"embeddable":true,"href":"https:\/\/frenchalacarte.fr\/en\/wp-json\/wp\/v2\/comments?post=7825"}],"version-history":[{"count":2,"href":"https:\/\/frenchalacarte.fr\/en\/wp-json\/wp\/v2\/posts\/7825\/revisions"}],"predecessor-version":[{"id":7827,"href":"https:\/\/frenchalacarte.fr\/en\/wp-json\/wp\/v2\/posts\/7825\/revisions\/7827"}],"wp:attachment":[{"href":"https:\/\/frenchalacarte.fr\/en\/wp-json\/wp\/v2\/media?parent=7825"}],"wp:term":[{"taxonomy":"category","embeddable":true,"href":"https:\/\/frenchalacarte.fr\/en\/wp-json\/wp\/v2\/categories?post=7825"},{"taxonomy":"post_tag","embeddable":true,"href":"https:\/\/frenchalacarte.fr\/en\/wp-json\/wp\/v2\/tags?post=7825"}],"curies":[{"name":"wp","href":"https:\/\/api.w.org\/{rel}","templated":true}]}}